{"id":98,"date":"2023-07-06T11:41:07","date_gmt":"2023-07-06T14:41:07","guid":{"rendered":"https:\/\/haduke.com\/?p=98"},"modified":"2023-07-06T11:41:07","modified_gmt":"2023-07-06T14:41:07","slug":"a-ascensao-dos-carros-autonomos-a-revolucao-na-mobilidade","status":"publish","type":"post","link":"https:\/\/haduke.com\/hu\/a-ascensao-dos-carros-autonomos-a-revolucao-na-mobilidade\/","title":{"rendered":"Az \u00f6nvezet\u0151 aut\u00f3k t\u00e9rnyer\u00e9se: a mobilit\u00e1s forradalma"},"content":{"rendered":"<p>Az \u00f6nvezet\u0151 aut\u00f3k egyre val\u00f3s\u00e1gosabb lehet\u0151s\u00e9get jelentenek, \u00e9s forradalmas\u00edtani fogj\u00e1k a k\u00f6zleked\u00e9st.<\/p>\n\n\n\n<p>Ez az innovat\u00edv technol\u00f3gia, m\u00e1s n\u00e9ven \u00f6nvezet\u0151 j\u00e1rm\u0171vek vagy vezet\u0151 n\u00e9lk\u00fcli aut\u00f3k, egyre nagyobb hangs\u00falyt kap, \u00e9s vil\u00e1gszerte felkelti a technol\u00f3giai v\u00e1llalatok \u00e9s aut\u00f3gy\u00e1rt\u00f3k \u00e9rdekl\u0151d\u00e9s\u00e9t.<\/p>\n\n\n\n<h2 class=\"wp-block-heading\">Mik azok az \u00f6nvezet\u0151 aut\u00f3k?<\/h2>\n\n\n\n<p>Az \u00f6nvezet\u0151 aut\u00f3k olyan j\u00e1rm\u0171vek, amelyek emberi beavatkoz\u00e1s n\u00e9lk\u00fcl k\u00e9pesek m\u0171k\u00f6dni.<\/p>\n\n\n\n<p>Szenzorok, kamer\u00e1k, radarok \u00e9s mesters\u00e9ges intelligencia technol\u00f3gia kombin\u00e1ci\u00f3j\u00e1t haszn\u00e1lj\u00e1k a k\u00f6rnyezet\u00fck \u00e9rz\u00e9kel\u00e9s\u00e9re, megalapozott d\u00f6nt\u00e9sek meghozatal\u00e1ra \u00e9s a biztons\u00e1gos k\u00f6zleked\u00e9s \u00e9rdek\u00e9ben sz\u00fcks\u00e9ges int\u00e9zked\u00e9sek megt\u00e9tel\u00e9re.<\/p>\n\n\n\n<h2 class=\"wp-block-heading\">Az auton\u00f3mia k\u00fcl\u00f6nb\u00f6z\u0151 szintjei<\/h2>\n\n\n\n<p>Az \u00f6nvezet\u0151 aut\u00f3kat auton\u00f3miaszintek szerint oszt\u00e1lyozz\u00e1k, amelyek a j\u00e1rm\u0171ben jelen l\u00e9v\u0151 automatiz\u00e1l\u00e1s m\u00e9rt\u00e9k\u00e9t jelzik. A leggyakoribb oszt\u00e1lyoz\u00e1s a k\u00f6vetkez\u0151:<\/p>\n\n\n\n<p><strong>0. szint: <\/strong>A j\u00e1rm\u0171vezet\u0151 teljes m\u00e9rt\u00e9kben felel\u0151s a j\u00e1rm\u0171 vezet\u00e9s\u00e9\u00e9rt.<\/p>\n\n\n\n<p><strong>1. szint:<\/strong> A j\u00e1rm\u0171 olyan funkci\u00f3kkal rendelkezik, mint az adapt\u00edv sebess\u00e9gtart\u00f3 automatika vagy a f\u00e9kasszisztens, de a vezet\u00e9s nagy r\u00e9sz\u00e9\u00e9rt tov\u00e1bbra is a vezet\u0151 felel\u0151s.<\/p>\n\n\n\n<p><strong>2. szint: <\/strong>A j\u00e1rm\u0171 bizonyos helyzetekben \u00e1tveheti a korm\u00e1nyz\u00e1st, a gyors\u00edt\u00e1st \u00e9s a f\u00e9kez\u00e9st, de a vezet\u0151nek b\u00e1rmikor k\u00e9szen kell \u00e1llnia a beavatkoz\u00e1sra.<\/p>\n\n\n\n<p><strong>3. szint: <\/strong>A j\u00e1rm\u0171 bizonyos k\u00f6r\u00fclm\u00e9nyek k\u00f6z\u00f6tt \u00e1tveheti az ir\u00e1ny\u00edt\u00e1st, lehet\u0151v\u00e9 t\u00e9ve a vezet\u0151 sz\u00e1m\u00e1ra, hogy m\u00e1s tev\u00e9kenys\u00e9gekre koncentr\u00e1ljon, de a vezet\u0151nek fel kell k\u00e9sz\u00fclnie arra, hogy a rendszer k\u00e9r\u00e9s\u00e9re visszavegye az ir\u00e1ny\u00edt\u00e1st.<\/p>\n\n\n\n<p><strong>4. szint:<\/strong> A j\u00e1rm\u0171 a legt\u00f6bb helyzetben k\u00e9pes \u00f6n\u00e1ll\u00f3an m\u0171k\u00f6dni, de bizonyos k\u00f6r\u00fclm\u00e9nyek k\u00f6z\u00f6tt tov\u00e1bbra is sz\u00fcks\u00e9g lehet emberi beavatkoz\u00e1sra.<\/p>\n\n\n\n<p><strong>5. szint:<\/strong> A j\u00e1rm\u0171 teljesen auton\u00f3m, \u00e9s semmilyen helyzetben nem ig\u00e9nyel emberi beavatkoz\u00e1st. A vezet\u0151 utass\u00e1 v\u00e1lik, \u00e9s m\u00e1s tev\u00e9kenys\u00e9geknek szentelheti mag\u00e1t.<\/p>\n\n\n\n<h2 class=\"wp-block-heading\">Az \u00f6nvezet\u0151 aut\u00f3k el\u0151nyei<\/h2>\n\n\n\n<p>Az \u00f6nvezet\u0151 aut\u00f3k t\u00e9rnyer\u00e9se sz\u00e1mos potenci\u00e1lis el\u0151nnyel j\u00e1r. \u00cdme n\u00e9h\u00e1ny a legfontosabbak k\u00f6z\u00fcl:<\/p>\n\n\n\n<p><strong>Fokozott biztons\u00e1g:<\/strong> Becsl\u00e9sek szerint a legt\u00f6bb k\u00f6zleked\u00e9si balesetet emberi hiba okozza.<\/p>\n\n\n\n<p>Az \u00f6nvezet\u0151 aut\u00f3kkal cs\u00f6kken az emberi hibalehet\u0151s\u00e9g, ami jelent\u0151sen cs\u00f6kkentheti a k\u00f6zleked\u00e9si balesetek sz\u00e1m\u00e1t, \u00e9s \u00e9leteket menthet.<\/p>\n\n\n\n<p><strong>Forgalomhat\u00e9konys\u00e1g:<\/strong> Az \u00f6nvezet\u0151 aut\u00f3k k\u00e9pesek jav\u00edtani a forgalom \u00e1raml\u00e1s\u00e1t, elker\u00fclni a torl\u00f3d\u00e1sokat \u00e9s cs\u00f6kkenteni az utaz\u00e1si id\u0151t.<\/p>\n\n\n\n<p>Kommunik\u00e1lni tudnak egym\u00e1ssal az \u00fatvonalak optimaliz\u00e1l\u00e1sa, a sebess\u00e9g be\u00e1ll\u00edt\u00e1sa \u00e9s a man\u0151verek \u00f6sszehangol\u00e1sa \u00e9rdek\u00e9ben, ami hat\u00e9konyabb forgalmat eredm\u00e9nyez.<\/p>\n\n\n\n<p><strong>Hozz\u00e1f\u00e9rhet\u0151s\u00e9g \u00e9s befogad\u00e1s:<\/strong> Az \u00f6nvezet\u0151 aut\u00f3k nagyobb hozz\u00e1f\u00e9r\u00e9st biztos\u00edthatnak a mozg\u00e1skorl\u00e1tozottak, az id\u0151sek \u00e9s a testi fogyat\u00e9kkal \u00e9l\u0151k sz\u00e1m\u00e1ra.<\/p>\n\n\n\n<p>Ez a technol\u00f3gia nagyobb f\u00fcggetlens\u00e9get \u00e9s mozg\u00e1sszabads\u00e1got biztos\u00edthat ezeknek az embereknek, jav\u00edtva \u00e9letmin\u0151s\u00e9g\u00fcket.<\/p>\n\n\n\n<p>A j\u00e1rm\u0171vek hat\u00e9konyabb haszn\u00e1lata: A megosztott \u00f6nvezet\u0151 aut\u00f3k bevezet\u00e9s\u00e9vel az emberek an\u00e9lk\u00fcl \u00e9lvezhetik a mobilit\u00e1s el\u0151nyeit, hogy felt\u00e9tlen\u00fcl saj\u00e1t j\u00e1rm\u0171vel rendelkezn\u00e9nek.<\/p>\n\n\n\n<p>Ez\u00e1ltal cs\u00f6kkenhetne az utc\u00e1kon k\u00f6zleked\u0151 aut\u00f3k sz\u00e1ma, felszabadulna a jelenleg parkol\u00f3k \u00e1ltal elfoglalt hely, \u00e9s cs\u00f6kkenne a l\u00e9gszennyez\u00e9s.<\/p>\n\n\n\n<h2 class=\"wp-block-heading\">Lek\u00fczdend\u0151 kih\u00edv\u00e1sok<\/h2>\n\n\n\n<p>Az \u00edg\u00e9retes el\u0151ny\u00f6k ellen\u00e9re az \u00f6nvezet\u0151 aut\u00f3k t\u00e9rnyer\u00e9se jelent\u0151s kih\u00edv\u00e1sokat is jelent. A f\u0151bb kih\u00edv\u00e1sok k\u00f6z\u00e9 tartozik:<\/p>\n\n\n\n<p>Jogi \u00e9s szab\u00e1lyoz\u00e1si k\u00e9rd\u00e9sek: Az \u00f6nvezet\u0151 aut\u00f3k bevezet\u00e9se megfelel\u0151 t\u00f6rv\u00e9nyek \u00e9s szab\u00e1lyoz\u00e1sok megalkot\u00e1s\u00e1t ig\u00e9nyli a j\u00e1rm\u0171vek \u00e1ltal gy\u0171jt\u00f6tt adatok felel\u0151ss\u00e9g\u00e9vel, biztons\u00e1g\u00e1val \u00e9s adatv\u00e9delm\u00e9vel kapcsolatos k\u00e9rd\u00e9sek kezel\u00e9s\u00e9re.<\/p>\n\n\n\n<p><strong>K\u00f6zbizalom:<\/strong> Az \u00f6nvezet\u0151 aut\u00f3k t\u00e1rsadalmi elfogadotts\u00e1ga kulcsfontoss\u00e1g\u00fa t\u00e9nyez\u0151 a siker\u00fckben.<\/p>\n\n\n\n<p>Sokan tov\u00e1bbra is agg\u00f3dnak ezeknek a j\u00e1rm\u0171veknek a biztons\u00e1ga \u00e9s megb\u00edzhat\u00f3s\u00e1ga miatt.<\/p>\n\n\n\n<p>Folyamatos er\u0151fesz\u00edt\u00e9sekre van sz\u00fcks\u00e9g a lakoss\u00e1g t\u00e1j\u00e9koztat\u00e1sa \u00e9rdek\u00e9ben a technol\u00f3gia el\u0151nyeir\u0151l \u00e9s fejl\u0151d\u00e9s\u00e9r\u0151l.<\/p>\n\n\n\n<p><strong>Interakci\u00f3 nem \u00f6nvezet\u0151 j\u00e1rm\u0171vekkel:<\/strong> Az \u00e1tmeneti id\u0151szakban, amikor az \u00f6nvezet\u0151 aut\u00f3k \u00e9s a hagyom\u00e1nyos j\u00e1rm\u0171vek megosztj\u00e1k az utakat, fontos biztos\u00edtani a k\u00f6z\u00f6tt\u00fck l\u00e9v\u0151 hat\u00e9kony \u00e9s biztons\u00e1gos kommunik\u00e1ci\u00f3t.<\/p>\n\n\n\n<p><strong>Kiberbiztons\u00e1g: <\/strong>Az \u00f6nvezet\u0151 aut\u00f3k egyre n\u00f6vekv\u0151 konnektivit\u00e1s\u00e1val egyre nagyobb aggodalomra ad okot a kiberbiztons\u00e1g.<\/p>\n\n\n\n<p>Elengedhetetlen ezen j\u00e1rm\u0171vek v\u00e9delme a potenci\u00e1lis hackert\u00e1mad\u00e1sokkal szemben, valamint az adatok integrit\u00e1s\u00e1nak \u00e9s v\u00e9delm\u00e9nek biztos\u00edt\u00e1sa.<\/p>\n\n\n\n<p>Ahogy a technol\u00f3gia fejl\u0151dik \u00e9s a k\u00f6zbizalom n\u00f6vekszik, az \u00f6nvezet\u0151 aut\u00f3k el\u0151nyei vil\u00e1gszerte emberek milli\u00f3i sz\u00e1m\u00e1ra v\u00e1lhatnak mindennapi val\u00f3s\u00e1gg\u00e1.<\/p>","protected":false},"excerpt":{"rendered":"<p>Os carros aut\u00f4nomos est\u00e3o se tornando uma realidade cada vez mais pr\u00f3xima e prometem revolucionar a forma como nos deslocamos. Essa tecnologia inovadora, tamb\u00e9m conhecida como ve\u00edculos aut\u00f4nomos ou carros sem motorista, est\u00e1 ganhando destaque e despertando o interesse de empresas de tecnologia e montadoras de autom\u00f3veis ao redor do mundo. O que s\u00e3o carros [&hellip;]<\/p>\n","protected":false},"author":9,"featured_media":194,"comment_status":"closed","ping_status":"open","sticky":false,"template":"","format":"standard","meta":{"footnotes":""},"categories":[7],"tags":[168,349],"class_list":["post-98","post","type-post","status-publish","format-standard","has-post-thumbnail","hentry","category-tecnologia","tag-carros-autonomos","tag-mobilidade"],"yoast_head":"<!-- This site is optimized with the Yoast SEO plugin v27.5 - https:\/\/yoast.com\/product\/yoast-seo-wordpress\/ -->\n<title>A ascens\u00e3o dos carros aut\u00f4nomos: a revolu\u00e7\u00e3o na mobilidade - Haduke<\/title>\n<meta name=\"robots\" content=\"index, follow, max-snippet:-1, max-image-preview:large, max-video-preview:-1\" \/>\n<link rel=\"canonical\" href=\"https:\/\/haduke.com\/hu\/a-ascensao-dos-carros-autonomos-a-revolucao-na-mobilidade\/\" \/>\n<meta property=\"og:locale\" content=\"hu_HU\" \/>\n<meta property=\"og:type\" content=\"article\" \/>\n<meta property=\"og:title\" content=\"A ascens\u00e3o dos carros aut\u00f4nomos: a revolu\u00e7\u00e3o na mobilidade - Haduke\" \/>\n<meta property=\"og:description\" content=\"Os carros aut\u00f4nomos est\u00e3o se tornando uma realidade cada vez mais pr\u00f3xima e prometem revolucionar a forma como nos deslocamos. Essa tecnologia inovadora, tamb\u00e9m conhecida como ve\u00edculos aut\u00f4nomos ou carros sem motorista, est\u00e1 ganhando destaque e despertando o interesse de empresas de tecnologia e montadoras de autom\u00f3veis ao redor do mundo. O que s\u00e3o carros [&hellip;]\" \/>\n<meta property=\"og:url\" content=\"https:\/\/haduke.com\/hu\/a-ascensao-dos-carros-autonomos-a-revolucao-na-mobilidade\/\" \/>\n<meta property=\"og:site_name\" content=\"Haduke\" \/>\n<meta property=\"article:published_time\" content=\"2023-07-06T14:41:07+00:00\" \/>\n<meta property=\"og:image\" content=\"https:\/\/haduke.com\/wp-content\/uploads\/2023\/07\/carros.webp\" \/>\n\t<meta property=\"og:image:width\" content=\"1000\" \/>\n\t<meta property=\"og:image:height\" content=\"667\" \/>\n\t<meta property=\"og:image:type\" content=\"image\/webp\" \/>\n<meta name=\"author\" content=\"admin\" \/>\n<meta name=\"twitter:card\" content=\"summary_large_image\" \/>\n<meta name=\"twitter:label1\" content=\"Szerz\u0151:\" \/>\n\t<meta name=\"twitter:data1\" content=\"admin\" \/>\n\t<meta name=\"twitter:label2\" content=\"Becs\u00fclt olvas\u00e1si id\u0151\" \/>\n\t<meta name=\"twitter:data2\" content=\"4 perc\" \/>\n<script type=\"application\/ld+json\" class=\"yoast-schema-graph\">{\"@context\":\"https:\\\/\\\/schema.org\",\"@graph\":[{\"@type\":\"Article\",\"@id\":\"https:\\\/\\\/haduke.com\\\/a-ascensao-dos-carros-autonomos-a-revolucao-na-mobilidade\\\/#article\",\"isPartOf\":{\"@id\":\"https:\\\/\\\/haduke.com\\\/a-ascensao-dos-carros-autonomos-a-revolucao-na-mobilidade\\\/\"},\"author\":{\"name\":\"admin\",\"@id\":\"https:\\\/\\\/haduke.com\\\/#\\\/schema\\\/person\\\/fb28bf6f13ba660075c94d87faf57142\"},\"headline\":\"A ascens\u00e3o dos carros aut\u00f4nomos: a revolu\u00e7\u00e3o na mobilidade\",\"datePublished\":\"2023-07-06T14:41:07+00:00\",\"mainEntityOfPage\":{\"@id\":\"https:\\\/\\\/haduke.com\\\/a-ascensao-dos-carros-autonomos-a-revolucao-na-mobilidade\\\/\"},\"wordCount\":805,\"image\":{\"@id\":\"https:\\\/\\\/haduke.com\\\/a-ascensao-dos-carros-autonomos-a-revolucao-na-mobilidade\\\/#primaryimage\"},\"thumbnailUrl\":\"https:\\\/\\\/haduke.com\\\/wp-content\\\/uploads\\\/2023\\\/07\\\/carros.webp\",\"keywords\":[\"Carros Aut\u00f4nomos\",\"Mobilidade\"],\"articleSection\":[\"Tecnologia\"],\"inLanguage\":\"hu\"},{\"@type\":\"WebPage\",\"@id\":\"https:\\\/\\\/haduke.com\\\/a-ascensao-dos-carros-autonomos-a-revolucao-na-mobilidade\\\/\",\"url\":\"https:\\\/\\\/haduke.com\\\/a-ascensao-dos-carros-autonomos-a-revolucao-na-mobilidade\\\/\",\"name\":\"A ascens\u00e3o dos carros aut\u00f4nomos: a revolu\u00e7\u00e3o na mobilidade - Haduke\",\"isPartOf\":{\"@id\":\"https:\\\/\\\/haduke.com\\\/#website\"},\"primaryImageOfPage\":{\"@id\":\"https:\\\/\\\/haduke.com\\\/a-ascensao-dos-carros-autonomos-a-revolucao-na-mobilidade\\\/#primaryimage\"},\"image\":{\"@id\":\"https:\\\/\\\/haduke.com\\\/a-ascensao-dos-carros-autonomos-a-revolucao-na-mobilidade\\\/#primaryimage\"},\"thumbnailUrl\":\"https:\\\/\\\/haduke.com\\\/wp-content\\\/uploads\\\/2023\\\/07\\\/carros.webp\",\"datePublished\":\"2023-07-06T14:41:07+00:00\",\"author\":{\"@id\":\"https:\\\/\\\/haduke.com\\\/#\\\/schema\\\/person\\\/fb28bf6f13ba660075c94d87faf57142\"},\"breadcrumb\":{\"@id\":\"https:\\\/\\\/haduke.com\\\/a-ascensao-dos-carros-autonomos-a-revolucao-na-mobilidade\\\/#breadcrumb\"},\"inLanguage\":\"hu\",\"potentialAction\":[{\"@type\":\"ReadAction\",\"target\":[\"https:\\\/\\\/haduke.com\\\/a-ascensao-dos-carros-autonomos-a-revolucao-na-mobilidade\\\/\"]}]},{\"@type\":\"ImageObject\",\"inLanguage\":\"hu\",\"@id\":\"https:\\\/\\\/haduke.com\\\/a-ascensao-dos-carros-autonomos-a-revolucao-na-mobilidade\\\/#primaryimage\",\"url\":\"https:\\\/\\\/haduke.com\\\/wp-content\\\/uploads\\\/2023\\\/07\\\/carros.webp\",\"contentUrl\":\"https:\\\/\\\/haduke.com\\\/wp-content\\\/uploads\\\/2023\\\/07\\\/carros.webp\",\"width\":1000,\"height\":667,\"caption\":\"carros\"},{\"@type\":\"BreadcrumbList\",\"@id\":\"https:\\\/\\\/haduke.com\\\/a-ascensao-dos-carros-autonomos-a-revolucao-na-mobilidade\\\/#breadcrumb\",\"itemListElement\":[{\"@type\":\"ListItem\",\"position\":1,\"name\":\"Home\",\"item\":\"https:\\\/\\\/haduke.com\\\/\"},{\"@type\":\"ListItem\",\"position\":2,\"name\":\"A ascens\u00e3o dos carros aut\u00f4nomos: a revolu\u00e7\u00e3o na mobilidade\"}]},{\"@type\":\"WebSite\",\"@id\":\"https:\\\/\\\/haduke.com\\\/#website\",\"url\":\"https:\\\/\\\/haduke.com\\\/\",\"name\":\"Haduke\",\"description\":\"\",\"potentialAction\":[{\"@type\":\"SearchAction\",\"target\":{\"@type\":\"EntryPoint\",\"urlTemplate\":\"https:\\\/\\\/haduke.com\\\/?s={search_term_string}\"},\"query-input\":{\"@type\":\"PropertyValueSpecification\",\"valueRequired\":true,\"valueName\":\"search_term_string\"}}],\"inLanguage\":\"hu\"},{\"@type\":\"Person\",\"@id\":\"https:\\\/\\\/haduke.com\\\/#\\\/schema\\\/person\\\/fb28bf6f13ba660075c94d87faf57142\",\"name\":\"admin\",\"image\":{\"@type\":\"ImageObject\",\"inLanguage\":\"hu\",\"@id\":\"https:\\\/\\\/secure.gravatar.com\\\/avatar\\\/05430638f5d8a13ef48fb2190c20221dc78d6a3fc2e6c653240aa6cff2dee12d?s=96&d=mm&r=g\",\"url\":\"https:\\\/\\\/secure.gravatar.com\\\/avatar\\\/05430638f5d8a13ef48fb2190c20221dc78d6a3fc2e6c653240aa6cff2dee12d?s=96&d=mm&r=g\",\"contentUrl\":\"https:\\\/\\\/secure.gravatar.com\\\/avatar\\\/05430638f5d8a13ef48fb2190c20221dc78d6a3fc2e6c653240aa6cff2dee12d?s=96&d=mm&r=g\",\"caption\":\"admin\"},\"url\":\"https:\\\/\\\/haduke.com\\\/hu\\\/author\\\/admin\\\/\"}]}<\/script>\n<!-- \/ Yoast SEO plugin. -->","yoast_head_json":{"title":"A ascens\u00e3o dos carros aut\u00f4nomos: a revolu\u00e7\u00e3o na mobilidade - Haduke","robots":{"index":"index","follow":"follow","max-snippet":"max-snippet:-1","max-image-preview":"max-image-preview:large","max-video-preview":"max-video-preview:-1"},"canonical":"https:\/\/haduke.com\/hu\/a-ascensao-dos-carros-autonomos-a-revolucao-na-mobilidade\/","og_locale":"hu_HU","og_type":"article","og_title":"A ascens\u00e3o dos carros aut\u00f4nomos: a revolu\u00e7\u00e3o na mobilidade - Haduke","og_description":"Os carros aut\u00f4nomos est\u00e3o se tornando uma realidade cada vez mais pr\u00f3xima e prometem revolucionar a forma como nos deslocamos. Essa tecnologia inovadora, tamb\u00e9m conhecida como ve\u00edculos aut\u00f4nomos ou carros sem motorista, est\u00e1 ganhando destaque e despertando o interesse de empresas de tecnologia e montadoras de autom\u00f3veis ao redor do mundo. O que s\u00e3o carros [&hellip;]","og_url":"https:\/\/haduke.com\/hu\/a-ascensao-dos-carros-autonomos-a-revolucao-na-mobilidade\/","og_site_name":"Haduke","article_published_time":"2023-07-06T14:41:07+00:00","og_image":[{"width":1000,"height":667,"url":"https:\/\/haduke.com\/wp-content\/uploads\/2023\/07\/carros.webp","type":"image\/webp"}],"author":"admin","twitter_card":"summary_large_image","twitter_misc":{"Szerz\u0151:":"admin","Becs\u00fclt olvas\u00e1si id\u0151":"4 perc"},"schema":{"@context":"https:\/\/schema.org","@graph":[{"@type":"Article","@id":"https:\/\/haduke.com\/a-ascensao-dos-carros-autonomos-a-revolucao-na-mobilidade\/#article","isPartOf":{"@id":"https:\/\/haduke.com\/a-ascensao-dos-carros-autonomos-a-revolucao-na-mobilidade\/"},"author":{"name":"admin","@id":"https:\/\/haduke.com\/#\/schema\/person\/fb28bf6f13ba660075c94d87faf57142"},"headline":"A ascens\u00e3o dos carros aut\u00f4nomos: a revolu\u00e7\u00e3o na mobilidade","datePublished":"2023-07-06T14:41:07+00:00","mainEntityOfPage":{"@id":"https:\/\/haduke.com\/a-ascensao-dos-carros-autonomos-a-revolucao-na-mobilidade\/"},"wordCount":805,"image":{"@id":"https:\/\/haduke.com\/a-ascensao-dos-carros-autonomos-a-revolucao-na-mobilidade\/#primaryimage"},"thumbnailUrl":"https:\/\/haduke.com\/wp-content\/uploads\/2023\/07\/carros.webp","keywords":["Carros Aut\u00f4nomos","Mobilidade"],"articleSection":["Tecnologia"],"inLanguage":"hu"},{"@type":"WebPage","@id":"https:\/\/haduke.com\/a-ascensao-dos-carros-autonomos-a-revolucao-na-mobilidade\/","url":"https:\/\/haduke.com\/a-ascensao-dos-carros-autonomos-a-revolucao-na-mobilidade\/","name":"A ascens\u00e3o dos carros aut\u00f4nomos: a revolu\u00e7\u00e3o na mobilidade - Haduke","isPartOf":{"@id":"https:\/\/haduke.com\/#website"},"primaryImageOfPage":{"@id":"https:\/\/haduke.com\/a-ascensao-dos-carros-autonomos-a-revolucao-na-mobilidade\/#primaryimage"},"image":{"@id":"https:\/\/haduke.com\/a-ascensao-dos-carros-autonomos-a-revolucao-na-mobilidade\/#primaryimage"},"thumbnailUrl":"https:\/\/haduke.com\/wp-content\/uploads\/2023\/07\/carros.webp","datePublished":"2023-07-06T14:41:07+00:00","author":{"@id":"https:\/\/haduke.com\/#\/schema\/person\/fb28bf6f13ba660075c94d87faf57142"},"breadcrumb":{"@id":"https:\/\/haduke.com\/a-ascensao-dos-carros-autonomos-a-revolucao-na-mobilidade\/#breadcrumb"},"inLanguage":"hu","potentialAction":[{"@type":"ReadAction","target":["https:\/\/haduke.com\/a-ascensao-dos-carros-autonomos-a-revolucao-na-mobilidade\/"]}]},{"@type":"ImageObject","inLanguage":"hu","@id":"https:\/\/haduke.com\/a-ascensao-dos-carros-autonomos-a-revolucao-na-mobilidade\/#primaryimage","url":"https:\/\/haduke.com\/wp-content\/uploads\/2023\/07\/carros.webp","contentUrl":"https:\/\/haduke.com\/wp-content\/uploads\/2023\/07\/carros.webp","width":1000,"height":667,"caption":"carros"},{"@type":"BreadcrumbList","@id":"https:\/\/haduke.com\/a-ascensao-dos-carros-autonomos-a-revolucao-na-mobilidade\/#breadcrumb","itemListElement":[{"@type":"ListItem","position":1,"name":"Home","item":"https:\/\/haduke.com\/"},{"@type":"ListItem","position":2,"name":"A ascens\u00e3o dos carros aut\u00f4nomos: a revolu\u00e7\u00e3o na mobilidade"}]},{"@type":"WebSite","@id":"https:\/\/haduke.com\/#website","url":"https:\/\/haduke.com\/","name":"Haduke","description":"","potentialAction":[{"@type":"SearchAction","target":{"@type":"EntryPoint","urlTemplate":"https:\/\/haduke.com\/?s={search_term_string}"},"query-input":{"@type":"PropertyValueSpecification","valueRequired":true,"valueName":"search_term_string"}}],"inLanguage":"hu"},{"@type":"Person","@id":"https:\/\/haduke.com\/#\/schema\/person\/fb28bf6f13ba660075c94d87faf57142","name":"admin","image":{"@type":"ImageObject","inLanguage":"hu","@id":"https:\/\/secure.gravatar.com\/avatar\/05430638f5d8a13ef48fb2190c20221dc78d6a3fc2e6c653240aa6cff2dee12d?s=96&d=mm&r=g","url":"https:\/\/secure.gravatar.com\/avatar\/05430638f5d8a13ef48fb2190c20221dc78d6a3fc2e6c653240aa6cff2dee12d?s=96&d=mm&r=g","contentUrl":"https:\/\/secure.gravatar.com\/avatar\/05430638f5d8a13ef48fb2190c20221dc78d6a3fc2e6c653240aa6cff2dee12d?s=96&d=mm&r=g","caption":"admin"},"url":"https:\/\/haduke.com\/hu\/author\/admin\/"}]}},"_links":{"self":[{"href":"https:\/\/haduke.com\/hu\/wp-json\/wp\/v2\/posts\/98","targetHints":{"allow":["GET"]}}],"collection":[{"href":"https:\/\/haduke.com\/hu\/wp-json\/wp\/v2\/posts"}],"about":[{"href":"https:\/\/haduke.com\/hu\/wp-json\/wp\/v2\/types\/post"}],"author":[{"embeddable":true,"href":"https:\/\/haduke.com\/hu\/wp-json\/wp\/v2\/users\/9"}],"replies":[{"embeddable":true,"href":"https:\/\/haduke.com\/hu\/wp-json\/wp\/v2\/comments?post=98"}],"version-history":[{"count":0,"href":"https:\/\/haduke.com\/hu\/wp-json\/wp\/v2\/posts\/98\/revisions"}],"wp:featuredmedia":[{"embeddable":true,"href":"https:\/\/haduke.com\/hu\/wp-json\/wp\/v2\/media\/194"}],"wp:attachment":[{"href":"https:\/\/haduke.com\/hu\/wp-json\/wp\/v2\/media?parent=98"}],"wp:term":[{"taxonomy":"category","embeddable":true,"href":"https:\/\/haduke.com\/hu\/wp-json\/wp\/v2\/categories?post=98"},{"taxonomy":"post_tag","embeddable":true,"href":"https:\/\/haduke.com\/hu\/wp-json\/wp\/v2\/tags?post=98"}],"curies":[{"name":"munkaf\u00fczet","href":"https:\/\/api.w.org\/{rel}","templated":true}]}}